{"id":971,"date":"2021-03-04T08:00:21","date_gmt":"2021-03-04T07:00:21","guid":{"rendered":"https:\/\/praktika-stages.ch\/?p=971"},"modified":"2021-03-04T12:55:05","modified_gmt":"2021-03-04T11:55:05","slug":"le-grand-ecart-etudiant-une-bonne-performance-mais-la-meilleure-marche-possible-merci","status":"publish","type":"post","link":"https:\/\/praktika-stages.ch\/fr\/2021\/03\/04\/le-grand-ecart-etudiant-une-bonne-performance-mais-la-meilleure-marche-possible-merci\/","title":{"rendered":"Le grand \u00e9cart \u00e9tudiant \u2013 une bonne performance, mais le meilleur march\u00e9 possible, merci !"},"content":{"rendered":"\t\t<div data-elementor-type=\"wp-post\" data-elementor-id=\"971\" class=\"elementor elementor-971 elementor-920\" data-elementor-post-type=\"post\">\n\t\t\t\t\t\t<section class=\"elementor-section elementor-top-section elementor-element elementor-element-25951cbb elementor-section-boxed elementor-section-height-default elementor-section-height-default\" data-id=\"25951cbb\" data-element_type=\"section\" data-settings=\"{&quot;jet_parallax_layout_list&quot;:[{&quot;jet_parallax_layout_image&quot;:{&quot;url&quot;:&quot;&quot;,&quot;id&quot;:&quot;&quot;,&quot;size&quot;:&quot;&quot;},&quot;_id&quot;:&quot;35e76dc&quot;,&quot;jet_parallax_layout_image_tablet&quot;:{&quot;url&quot;:&quot;&quot;,&quot;id&quot;:&quot;&quot;,&quot;size&quot;:&quot;&quot;},&quot;jet_parallax_layout_image_mobile&quot;:{&quot;url&quot;:&quot;&quot;,&quot;id&quot;:&quot;&quot;,&quot;size&quot;:&quot;&quot;},&quot;jet_parallax_layout_speed&quot;:{&quot;unit&quot;:&quot;%&quot;,&quot;size&quot;:50,&quot;sizes&quot;:[]},&quot;jet_parallax_layout_type&quot;:&quot;scroll&quot;,&quot;jet_parallax_layout_direction&quot;:&quot;1&quot;,&quot;jet_parallax_layout_fx_direction&quot;:null,&quot;jet_parallax_layout_z_index&quot;:&quot;&quot;,&quot;jet_parallax_layout_bg_x&quot;:50,&quot;jet_parallax_layout_bg_x_tablet&quot;:&quot;&quot;,&quot;jet_parallax_layout_bg_x_mobile&quot;:&quot;&quot;,&quot;jet_parallax_layout_bg_y&quot;:50,&quot;jet_parallax_layout_bg_y_tablet&quot;:&quot;&quot;,&quot;jet_parallax_layout_bg_y_mobile&quot;:&quot;&quot;,&quot;jet_parallax_layout_bg_size&quot;:&quot;auto&quot;,&quot;jet_parallax_layout_bg_size_tablet&quot;:&quot;&quot;,&quot;jet_parallax_layout_bg_size_mobile&quot;:&quot;&quot;,&quot;jet_parallax_layout_animation_prop&quot;:&quot;transform&quot;,&quot;jet_parallax_layout_on&quot;:[&quot;desktop&quot;,&quot;tablet&quot;]}]}\">\n\t\t\t\t\t\t<div class=\"elementor-container elementor-column-gap-default\">\n\t\t\t\t\t<div class=\"elementor-column elementor-col-100 elementor-top-column elementor-element elementor-element-776d1889\" data-id=\"776d1889\" data-element_type=\"column\">\n\t\t\t<div class=\"elementor-widget-wrap elementor-element-populated\">\n\t\t\t\t\t\t<div class=\"elementor-element elementor-element-d74e4e elementor-widget elementor-widget-heading\" data-id=\"d74e4e\" data-element_type=\"widget\" data-widget_type=\"heading.default\">\n\t\t\t\t<div class=\"elementor-widget-container\">\n\t\t\t\t\t<h2 class=\"elementor-heading-title elementor-size-default\">Le grand \u00e9cart \u00e9tudiant \u2013 une bonne performance, mais le meilleur march\u00e9 possible, merci !<\/h2>\t\t\t\t<\/div>\n\t\t\t\t<\/div>\n\t\t\t\t<div class=\"elementor-element elementor-element-617f36b0 elementor-widget elementor-widget-image\" data-id=\"617f36b0\" data-element_type=\"widget\" data-widget_type=\"image.default\">\n\t\t\t\t<div class=\"elementor-widget-container\">\n\t\t\t\t\t\t\t\t\t\t\t\t\t\t\t<img fetchpriority=\"high\" decoding=\"async\" width=\"670\" height=\"450\" src=\"https:\/\/praktika-stages.ch\/wp-content\/uploads\/sites\/3\/2021\/02\/Archivwesen__.jpg\" class=\"attachment-full size-full wp-image-1041\" alt=\"\" srcset=\"https:\/\/praktika-stages.ch\/wp-content\/uploads\/sites\/3\/2021\/02\/Archivwesen__.jpg 670w, https:\/\/praktika-stages.ch\/wp-content\/uploads\/sites\/3\/2021\/02\/Archivwesen__-300x201.jpg 300w\" sizes=\"(max-width: 670px) 100vw, 670px\" \/>\t\t\t\t\t\t\t\t\t\t\t\t\t\t\t<\/div>\n\t\t\t\t<\/div>\n\t\t\t\t\t<\/div>\n\t\t<\/div>\n\t\t\t\t\t<\/div>\n\t\t<\/section>\n\t\t\t\t<section class=\"elementor-section elementor-top-section elementor-element elementor-element-b39f0c5 elementor-section-boxed elementor-section-height-default elementor-section-height-default\" data-id=\"b39f0c5\" data-element_type=\"section\" data-settings=\"{&quot;jet_parallax_layout_list&quot;:[{&quot;jet_parallax_layout_image&quot;:{&quot;url&quot;:&quot;&quot;,&quot;id&quot;:&quot;&quot;,&quot;size&quot;:&quot;&quot;},&quot;_id&quot;:&quot;546ee3d&quot;,&quot;jet_parallax_layout_image_tablet&quot;:{&quot;url&quot;:&quot;&quot;,&quot;id&quot;:&quot;&quot;,&quot;size&quot;:&quot;&quot;},&quot;jet_parallax_layout_image_mobile&quot;:{&quot;url&quot;:&quot;&quot;,&quot;id&quot;:&quot;&quot;,&quot;size&quot;:&quot;&quot;},&quot;jet_parallax_layout_speed&quot;:{&quot;unit&quot;:&quot;%&quot;,&quot;size&quot;:50,&quot;sizes&quot;:[]},&quot;jet_parallax_layout_type&quot;:&quot;scroll&quot;,&quot;jet_parallax_layout_direction&quot;:&quot;1&quot;,&quot;jet_parallax_layout_fx_direction&quot;:null,&quot;jet_parallax_layout_z_index&quot;:&quot;&quot;,&quot;jet_parallax_layout_bg_x&quot;:50,&quot;jet_parallax_layout_bg_x_tablet&quot;:&quot;&quot;,&quot;jet_parallax_layout_bg_x_mobile&quot;:&quot;&quot;,&quot;jet_parallax_layout_bg_y&quot;:50,&quot;jet_parallax_layout_bg_y_tablet&quot;:&quot;&quot;,&quot;jet_parallax_layout_bg_y_mobile&quot;:&quot;&quot;,&quot;jet_parallax_layout_bg_size&quot;:&quot;auto&quot;,&quot;jet_parallax_layout_bg_size_tablet&quot;:&quot;&quot;,&quot;jet_parallax_layout_bg_size_mobile&quot;:&quot;&quot;,&quot;jet_parallax_layout_animation_prop&quot;:&quot;transform&quot;,&quot;jet_parallax_layout_on&quot;:[&quot;desktop&quot;,&quot;tablet&quot;]}]}\">\n\t\t\t\t\t\t<div class=\"elementor-container elementor-column-gap-default\">\n\t\t\t\t\t<div class=\"elementor-column elementor-col-100 elementor-top-column elementor-element elementor-element-2bfe2bc4\" data-id=\"2bfe2bc4\" data-element_type=\"column\">\n\t\t\t<div class=\"elementor-widget-wrap elementor-element-populated\">\n\t\t\t\t\t\t<div class=\"elementor-element elementor-element-79a6d02a elementor-widget elementor-widget-text-editor\" data-id=\"79a6d02a\" data-element_type=\"widget\" data-widget_type=\"text-editor.default\">\n\t\t\t\t<div class=\"elementor-widget-container\">\n\t\t\t\t\t\t\t\t\t<p><em>Image symbole<\/em> (<a href=\"https:\/\/praktika-stages.ch\/fr\/credits-photos\/\">Cr\u00e9dits photo<\/a>)<\/p>\n\t\t\t\t\t\t\t\t<\/div>\n\t\t\t\t<\/div>\n\t\t\t\t\t<\/div>\n\t\t<\/div>\n\t\t\t\t\t<\/div>\n\t\t<\/section>\n\t\t\t\t<section class=\"elementor-section elementor-top-section elementor-element elementor-element-79881a83 elementor-section-boxed elementor-section-height-default elementor-section-height-default\" data-id=\"79881a83\" data-element_type=\"section\" data-settings=\"{&quot;jet_parallax_layout_list&quot;:[{&quot;jet_parallax_layout_image&quot;:{&quot;url&quot;:&quot;&quot;,&quot;id&quot;:&quot;&quot;,&quot;size&quot;:&quot;&quot;},&quot;_id&quot;:&quot;f32e7e0&quot;,&quot;jet_parallax_layout_image_tablet&quot;:{&quot;url&quot;:&quot;&quot;,&quot;id&quot;:&quot;&quot;,&quot;size&quot;:&quot;&quot;},&quot;jet_parallax_layout_image_mobile&quot;:{&quot;url&quot;:&quot;&quot;,&quot;id&quot;:&quot;&quot;,&quot;size&quot;:&quot;&quot;},&quot;jet_parallax_layout_speed&quot;:{&quot;unit&quot;:&quot;%&quot;,&quot;size&quot;:50,&quot;sizes&quot;:[]},&quot;jet_parallax_layout_type&quot;:&quot;scroll&quot;,&quot;jet_parallax_layout_direction&quot;:&quot;1&quot;,&quot;jet_parallax_layout_fx_direction&quot;:null,&quot;jet_parallax_layout_z_index&quot;:&quot;&quot;,&quot;jet_parallax_layout_bg_x&quot;:50,&quot;jet_parallax_layout_bg_x_tablet&quot;:&quot;&quot;,&quot;jet_parallax_layout_bg_x_mobile&quot;:&quot;&quot;,&quot;jet_parallax_layout_bg_y&quot;:50,&quot;jet_parallax_layout_bg_y_tablet&quot;:&quot;&quot;,&quot;jet_parallax_layout_bg_y_mobile&quot;:&quot;&quot;,&quot;jet_parallax_layout_bg_size&quot;:&quot;auto&quot;,&quot;jet_parallax_layout_bg_size_tablet&quot;:&quot;&quot;,&quot;jet_parallax_layout_bg_size_mobile&quot;:&quot;&quot;,&quot;jet_parallax_layout_animation_prop&quot;:&quot;transform&quot;,&quot;jet_parallax_layout_on&quot;:[&quot;desktop&quot;,&quot;tablet&quot;]}]}\">\n\t\t\t\t\t\t<div class=\"elementor-container elementor-column-gap-default\">\n\t\t\t\t\t<div class=\"elementor-column elementor-col-100 elementor-top-column elementor-element elementor-element-d42e9b\" data-id=\"d42e9b\" data-element_type=\"column\">\n\t\t\t<div class=\"elementor-widget-wrap elementor-element-populated\">\n\t\t\t\t\t\t<div class=\"elementor-element elementor-element-3b42bbcf elementor-widget elementor-widget-text-editor\" data-id=\"3b42bbcf\" data-element_type=\"widget\" data-widget_type=\"text-editor.default\">\n\t\t\t\t<div class=\"elementor-widget-container\">\n\t\t\t\t\t\t\t\t\t<p>Claudia* \u00e9tudie la philologie de l\u2019\u00e9dition \u00e0 l\u2019Universit\u00e9 de Berne et raconte son exp\u00e9rience du stage obligatoire. Elle laisse transpara\u00eetre un certain m\u00e9contentement d\u00e8s le d\u00e9but du stage\u00a0: \u00ab\u00a0J\u2019avais postul\u00e9 pour un [stage dans un service d\u2019archives] pour valider mon module de philologie de l\u2019\u00e9dition. Comme je ne pouvais pas me r\u00e9signer \u00e0 accepter un emploi non-r\u00e9mun\u00e9r\u00e9 et que j\u2019ai insist\u00e9 \u00e0 ce sujet, j\u2019ai finalement \u00e9t\u00e9 embauch\u00e9e comme \u2018\u2019assistante \u00e9tudiante\u2019\u2019.\u00a0\u00bb. En premier lieu, le service d\u2019archives \u00e9tait de l\u2019opinion qu\u2019aucune r\u00e9tribution ne serait possible, vu que le stage donnait des cr\u00e9dits ECTS et que les moyens financiers ne seraient pas suffisants.<\/p>\n<p>Au d\u00e9but, elle travaillait \u00e0 50\u00a0% mais a d\u00fb r\u00e9duire \u00e0 30\u00a0% en raison de ses \u00e9tudes. La r\u00e9duction s\u2019est fait \u00e9norm\u00e9ment ressentir au niveau du porte-monnaie \u2013 de CHF 2000 \u00e0 CHF 1300. \u00c0 la question de savoir si le salaire avait suffi, Claudia r\u00e9pond\u00a0: \u00ab\u00a0Non, le salaire n\u2019a pas \u00e9t\u00e9 suffisant. J\u2019ai travaill\u00e9 encore \u00e0 40\u00a0% \u00e0 l\u2019EPFZ comme collaboratrice \u00e9tudiante.\u00a0 Avec les deux salaires, je pouvais \u00e0 peine joindre les deux bouts.\u00a0\u00bb La cerise sur le g\u00e2teau f\u00fbt la question d\u2019un des charg\u00e9s de projet \u00ab\u00a0(\u2026) Me serait-il possible de mettre mes \u00e9tudes en pause pour ce travail\u00a0? Mais attention\u00a0: un poste limit\u00e9 \u00e0 une ann\u00e9e pour un taux de 50\u00a0%.\u00a0\u00bb<\/p>\n<p>Comme si la situation financi\u00e8re n\u2019\u00e9tait pas suffisamment usante, le stage manquait de valeur substantielle et ce n\u2019\u00e9tait pas un environnement de travail respectueux.\u00a0 \u00ab\u00a0Violation du devoir de veiller \u00e0 la satisfaction du personnel \u2013 la salle de pause ne m\u2019a \u00e9t\u00e9 indiqu\u00e9e qu\u2019apr\u00e8s deux mois de demandes r\u00e9p\u00e9t\u00e9es, et avant cela, M. M\u00fcller m\u2019avait m\u00eame donn\u00e9 de fausses informations. Pour le travail, on m\u2019a form\u00e9e juste dans la limite de ce qui \u00e9tait n\u00e9cessaire.\u00a0\u00bb Elle explique en outre que les informations suppl\u00e9mentaires n\u00e9cessaires au projet ne lui ont \u00e9t\u00e9 fournies qu\u2019\u00e0 sa demande et que les documents qui auraient d\u00fb servir \u00e0 la soutenir et l\u2019orienter \u00e9taient incomplets et remplis de fautes.<\/p>\n<p>Au cours du stage, d\u2019autres comportements, plut\u00f4t douteux, sont apparus. Pendant un entretien avec l\u2019un des charg\u00e9s de projet, Claudia n\u2019en a presque pas cru ses yeux\u00a0: \u00ab \u00c0 cette occasion, j\u2019ai eu devant les yeux un email d\u2019un [autre charg\u00e9 de projet] qui rapportait que ma professeure lui avait sugg\u00e9r\u00e9 de me tenir particuli\u00e8rement \u00e0 l\u2019oeil, car j\u2019avais attir\u00e9 son attention pendant le cours par mon travail n\u00e9gligent\u00a0!\u00a0\u00bb. Elle n\u2019a jamais re\u00e7u de feedback \u00e0 ce sujet de la part de la professeure.<\/p>\n<p>C\u2019est un bon exemple du grand \u00e9cart que doivent souvent faire les \u00e9tudiant-e-s : des bonnes performances au travail et dans les \u00e9tudes, dans des conditions difficiles. En plus d\u2019une activit\u00e9 souvent sans valeur didactique, l\u2019aspect financier fait \u00e9galement partie de la triste r\u00e9alit\u00e9 des \u00e9tudiant-e-s en formation. Les \u00e9tudiant-e-s qui ne peuvent esp\u00e9rer aucun soutien financier de leur famille ou de l\u2019Etat sont particuli\u00e8rement touch\u00e9-e-s par cette situation. Pour Claudia, cela l\u2019a conduite \u00e0 travailler parfois \u00e0 90 % \u00e0 c\u00f4t\u00e9 de ses \u00e9tudes, ce qui est \u00e9videmment une grande charge. Pour prendre en compte toutes les composantes de ce grand \u00e9cart, nous nous engageons \u00e0 l\u2019UNES pour les droits des stagiaires et demandont des conditions \u00e9quitables.<\/p>\n<p>* <em>Les noms ont \u00e9t\u00e9 modifi\u00e9s.<\/em><\/p>\n\t\t\t\t\t\t\t\t<\/div>\n\t\t\t\t<\/div>\n\t\t\t\t\t<\/div>\n\t\t<\/div>\n\t\t\t\t\t<\/div>\n\t\t<\/section>\n\t\t\t\t<\/div>\n\t\t","protected":false},"excerpt":{"rendered":"<p>Claudia \u00e9tudie la philologie de l\u2019\u00e9dition \u00e0 l\u2019Universit\u00e9 de Berne et raconte son exp\u00e9rience du stage obligatoire. Elle laisse transpara\u00eetre un certain m\u00e9contentement d\u00e8s le d\u00e9but du stage : \u00ab J\u2019avais <\/p>\n","protected":false},"author":6,"featured_media":923,"comment_status":"open","ping_status":"open","sticky":false,"template":"","format":"standard","meta":{"_bbp_topic_count":0,"_bbp_reply_count":0,"_bbp_total_topic_count":0,"_bbp_total_reply_count":0,"_bbp_voice_count":0,"_bbp_anonymous_reply_count":0,"_bbp_topic_count_hidden":0,"_bbp_reply_count_hidden":0,"_bbp_forum_subforum_count":0,"wds_primary_category":0,"footnotes":""},"categories":[8],"tags":[],"class_list":["post-971","post","type-post","status-publish","format-standard","has-post-thumbnail","hentry","category-non-classifiee"],"yoast_head":"<!-- This site is optimized with the Yoast SEO plugin v25.4 - https:\/\/yoast.com\/wordpress\/plugins\/seo\/ -->\n<title>Le grand \u00e9cart \u00e9tudiant \u2013 une bonne performance, mais le meilleur march\u00e9 possible, merci ! - praktika-stages<\/title>\n<meta name=\"robots\" content=\"index, follow, max-snippet:-1, max-image-preview:large, max-video-preview:-1\" \/>\n<link rel=\"canonical\" href=\"https:\/\/praktika-stages.ch\/fr\/2021\/03\/04\/le-grand-ecart-etudiant-une-bonne-performance-mais-la-meilleure-marche-possible-merci\/\" \/>\n<meta property=\"og:locale\" content=\"fr_FR\" \/>\n<meta property=\"og:type\" content=\"article\" \/>\n<meta property=\"og:title\" content=\"Le grand \u00e9cart \u00e9tudiant \u2013 une bonne performance, mais le meilleur march\u00e9 possible, merci ! - praktika-stages\" \/>\n<meta property=\"og:description\" content=\"Claudia \u00e9tudie la philologie de l\u2019\u00e9dition \u00e0 l\u2019Universit\u00e9 de Berne et raconte son exp\u00e9rience du stage obligatoire. Elle laisse transpara\u00eetre un certain m\u00e9contentement d\u00e8s le d\u00e9but du stage : \u00ab J\u2019avais\" \/>\n<meta property=\"og:url\" content=\"https:\/\/praktika-stages.ch\/fr\/2021\/03\/04\/le-grand-ecart-etudiant-une-bonne-performance-mais-la-meilleure-marche-possible-merci\/\" \/>\n<meta property=\"og:site_name\" content=\"praktika-stages\" \/>\n<meta property=\"article:published_time\" content=\"2021-03-04T07:00:21+00:00\" \/>\n<meta property=\"article:modified_time\" content=\"2021-03-04T11:55:05+00:00\" \/>\n<meta property=\"og:image\" content=\"https:\/\/praktika-stages.ch\/wp-content\/uploads\/sites\/3\/2021\/02\/Archivwesen_-scaled.jpg\" \/>\n\t<meta property=\"og:image:width\" content=\"2560\" \/>\n\t<meta property=\"og:image:height\" content=\"1707\" \/>\n\t<meta property=\"og:image:type\" content=\"image\/jpeg\" \/>\n<meta name=\"author\" content=\"sokoleitung\" \/>\n<meta name=\"twitter:card\" content=\"summary_large_image\" \/>\n<meta name=\"twitter:label1\" content=\"\u00c9crit par\" \/>\n\t<meta name=\"twitter:data1\" content=\"sokoleitung\" \/>\n\t<meta name=\"twitter:label2\" content=\"Dur\u00e9e de lecture estim\u00e9e\" \/>\n\t<meta name=\"twitter:data2\" content=\"3 minutes\" \/>\n<script type=\"application\/ld+json\" class=\"yoast-schema-graph\">{\"@context\":\"https:\/\/schema.org\",\"@graph\":[{\"@type\":\"Article\",\"@id\":\"https:\/\/praktika-stages.ch\/fr\/2021\/03\/04\/le-grand-ecart-etudiant-une-bonne-performance-mais-la-meilleure-marche-possible-merci\/#article\",\"isPartOf\":{\"@id\":\"https:\/\/praktika-stages.ch\/fr\/2021\/03\/04\/le-grand-ecart-etudiant-une-bonne-performance-mais-la-meilleure-marche-possible-merci\/\"},\"author\":{\"name\":\"sokoleitung\",\"@id\":\"https:\/\/praktika-stages.ch\/#\/schema\/person\/9580d3b3a45c3db7a65c90d46cb974b3\"},\"headline\":\"Le grand \u00e9cart \u00e9tudiant \u2013 une bonne performance, mais le meilleur march\u00e9 possible, merci !\",\"datePublished\":\"2021-03-04T07:00:21+00:00\",\"dateModified\":\"2021-03-04T11:55:05+00:00\",\"mainEntityOfPage\":{\"@id\":\"https:\/\/praktika-stages.ch\/fr\/2021\/03\/04\/le-grand-ecart-etudiant-une-bonne-performance-mais-la-meilleure-marche-possible-merci\/\"},\"wordCount\":614,\"commentCount\":0,\"publisher\":{\"@id\":\"https:\/\/praktika-stages.ch\/#organization\"},\"image\":{\"@id\":\"https:\/\/praktika-stages.ch\/fr\/2021\/03\/04\/le-grand-ecart-etudiant-une-bonne-performance-mais-la-meilleure-marche-possible-merci\/#primaryimage\"},\"thumbnailUrl\":\"https:\/\/praktika-stages.ch\/wp-content\/uploads\/sites\/3\/2021\/02\/Archivwesen_-scaled.jpg\",\"articleSection\":[\"Non classifi\u00e9(e)\"],\"inLanguage\":\"fr-FR\",\"potentialAction\":[{\"@type\":\"CommentAction\",\"name\":\"Comment\",\"target\":[\"https:\/\/praktika-stages.ch\/fr\/2021\/03\/04\/le-grand-ecart-etudiant-une-bonne-performance-mais-la-meilleure-marche-possible-merci\/#respond\"]}]},{\"@type\":\"WebPage\",\"@id\":\"https:\/\/praktika-stages.ch\/fr\/2021\/03\/04\/le-grand-ecart-etudiant-une-bonne-performance-mais-la-meilleure-marche-possible-merci\/\",\"url\":\"https:\/\/praktika-stages.ch\/fr\/2021\/03\/04\/le-grand-ecart-etudiant-une-bonne-performance-mais-la-meilleure-marche-possible-merci\/\",\"name\":\"Le grand \u00e9cart \u00e9tudiant \u2013 une bonne performance, mais le meilleur march\u00e9 possible, merci ! - praktika-stages\",\"isPartOf\":{\"@id\":\"https:\/\/praktika-stages.ch\/#website\"},\"primaryImageOfPage\":{\"@id\":\"https:\/\/praktika-stages.ch\/fr\/2021\/03\/04\/le-grand-ecart-etudiant-une-bonne-performance-mais-la-meilleure-marche-possible-merci\/#primaryimage\"},\"image\":{\"@id\":\"https:\/\/praktika-stages.ch\/fr\/2021\/03\/04\/le-grand-ecart-etudiant-une-bonne-performance-mais-la-meilleure-marche-possible-merci\/#primaryimage\"},\"thumbnailUrl\":\"https:\/\/praktika-stages.ch\/wp-content\/uploads\/sites\/3\/2021\/02\/Archivwesen_-scaled.jpg\",\"datePublished\":\"2021-03-04T07:00:21+00:00\",\"dateModified\":\"2021-03-04T11:55:05+00:00\",\"breadcrumb\":{\"@id\":\"https:\/\/praktika-stages.ch\/fr\/2021\/03\/04\/le-grand-ecart-etudiant-une-bonne-performance-mais-la-meilleure-marche-possible-merci\/#breadcrumb\"},\"inLanguage\":\"fr-FR\",\"potentialAction\":[{\"@type\":\"ReadAction\",\"target\":[\"https:\/\/praktika-stages.ch\/fr\/2021\/03\/04\/le-grand-ecart-etudiant-une-bonne-performance-mais-la-meilleure-marche-possible-merci\/\"]}]},{\"@type\":\"ImageObject\",\"inLanguage\":\"fr-FR\",\"@id\":\"https:\/\/praktika-stages.ch\/fr\/2021\/03\/04\/le-grand-ecart-etudiant-une-bonne-performance-mais-la-meilleure-marche-possible-merci\/#primaryimage\",\"url\":\"https:\/\/praktika-stages.ch\/wp-content\/uploads\/sites\/3\/2021\/02\/Archivwesen_-scaled.jpg\",\"contentUrl\":\"https:\/\/praktika-stages.ch\/wp-content\/uploads\/sites\/3\/2021\/02\/Archivwesen_-scaled.jpg\",\"width\":2560,\"height\":1707},{\"@type\":\"BreadcrumbList\",\"@id\":\"https:\/\/praktika-stages.ch\/fr\/2021\/03\/04\/le-grand-ecart-etudiant-une-bonne-performance-mais-la-meilleure-marche-possible-merci\/#breadcrumb\",\"itemListElement\":[{\"@type\":\"ListItem\",\"position\":1,\"name\":\"Startseite\",\"item\":\"https:\/\/praktika-stages.ch\/fr\/\"},{\"@type\":\"ListItem\",\"position\":2,\"name\":\"Le grand \u00e9cart \u00e9tudiant \u2013 une bonne performance, mais le meilleur march\u00e9 possible, merci !\"}]},{\"@type\":\"WebSite\",\"@id\":\"https:\/\/praktika-stages.ch\/#website\",\"url\":\"https:\/\/praktika-stages.ch\/\",\"name\":\"praktika-stages\",\"description\":\"Eine Kampagne des VSS UNES USU\",\"publisher\":{\"@id\":\"https:\/\/praktika-stages.ch\/#organization\"},\"potentialAction\":[{\"@type\":\"SearchAction\",\"target\":{\"@type\":\"EntryPoint\",\"urlTemplate\":\"https:\/\/praktika-stages.ch\/?s={search_term_string}\"},\"query-input\":{\"@type\":\"PropertyValueSpecification\",\"valueRequired\":true,\"valueName\":\"search_term_string\"}}],\"inLanguage\":\"fr-FR\"},{\"@type\":\"Organization\",\"@id\":\"https:\/\/praktika-stages.ch\/#organization\",\"name\":\"praktika-stages\",\"url\":\"https:\/\/praktika-stages.ch\/\",\"logo\":{\"@type\":\"ImageObject\",\"inLanguage\":\"fr-FR\",\"@id\":\"https:\/\/praktika-stages.ch\/#\/schema\/logo\/image\/\",\"url\":\"https:\/\/praktika-stages.ch\/wp-content\/uploads\/sites\/3\/2021\/01\/Kampagnen-Logo-3.png\",\"contentUrl\":\"https:\/\/praktika-stages.ch\/wp-content\/uploads\/sites\/3\/2021\/01\/Kampagnen-Logo-3.png\",\"width\":2835,\"height\":1176,\"caption\":\"praktika-stages\"},\"image\":{\"@id\":\"https:\/\/praktika-stages.ch\/#\/schema\/logo\/image\/\"}},{\"@type\":\"Person\",\"@id\":\"https:\/\/praktika-stages.ch\/#\/schema\/person\/9580d3b3a45c3db7a65c90d46cb974b3\",\"name\":\"sokoleitung\",\"url\":\"https:\/\/praktika-stages.ch\/fr\/author\/sokoleitung\/\"}]}<\/script>\n<!-- \/ Yoast SEO plugin. -->","yoast_head_json":{"title":"Le grand \u00e9cart \u00e9tudiant \u2013 une bonne performance, mais le meilleur march\u00e9 possible, merci ! - praktika-stages","robots":{"index":"index","follow":"follow","max-snippet":"max-snippet:-1","max-image-preview":"max-image-preview:large","max-video-preview":"max-video-preview:-1"},"canonical":"https:\/\/praktika-stages.ch\/fr\/2021\/03\/04\/le-grand-ecart-etudiant-une-bonne-performance-mais-la-meilleure-marche-possible-merci\/","og_locale":"fr_FR","og_type":"article","og_title":"Le grand \u00e9cart \u00e9tudiant \u2013 une bonne performance, mais le meilleur march\u00e9 possible, merci ! - praktika-stages","og_description":"Claudia \u00e9tudie la philologie de l\u2019\u00e9dition \u00e0 l\u2019Universit\u00e9 de Berne et raconte son exp\u00e9rience du stage obligatoire. Elle laisse transpara\u00eetre un certain m\u00e9contentement d\u00e8s le d\u00e9but du stage : \u00ab J\u2019avais","og_url":"https:\/\/praktika-stages.ch\/fr\/2021\/03\/04\/le-grand-ecart-etudiant-une-bonne-performance-mais-la-meilleure-marche-possible-merci\/","og_site_name":"praktika-stages","article_published_time":"2021-03-04T07:00:21+00:00","article_modified_time":"2021-03-04T11:55:05+00:00","og_image":[{"width":2560,"height":1707,"url":"https:\/\/praktika-stages.ch\/wp-content\/uploads\/sites\/3\/2021\/02\/Archivwesen_-scaled.jpg","type":"image\/jpeg"}],"author":"sokoleitung","twitter_card":"summary_large_image","twitter_misc":{"\u00c9crit par":"sokoleitung","Dur\u00e9e de lecture estim\u00e9e":"3 minutes"},"schema":{"@context":"https:\/\/schema.org","@graph":[{"@type":"Article","@id":"https:\/\/praktika-stages.ch\/fr\/2021\/03\/04\/le-grand-ecart-etudiant-une-bonne-performance-mais-la-meilleure-marche-possible-merci\/#article","isPartOf":{"@id":"https:\/\/praktika-stages.ch\/fr\/2021\/03\/04\/le-grand-ecart-etudiant-une-bonne-performance-mais-la-meilleure-marche-possible-merci\/"},"author":{"name":"sokoleitung","@id":"https:\/\/praktika-stages.ch\/#\/schema\/person\/9580d3b3a45c3db7a65c90d46cb974b3"},"headline":"Le grand \u00e9cart \u00e9tudiant \u2013 une bonne performance, mais le meilleur march\u00e9 possible, merci !","datePublished":"2021-03-04T07:00:21+00:00","dateModified":"2021-03-04T11:55:05+00:00","mainEntityOfPage":{"@id":"https:\/\/praktika-stages.ch\/fr\/2021\/03\/04\/le-grand-ecart-etudiant-une-bonne-performance-mais-la-meilleure-marche-possible-merci\/"},"wordCount":614,"commentCount":0,"publisher":{"@id":"https:\/\/praktika-stages.ch\/#organization"},"image":{"@id":"https:\/\/praktika-stages.ch\/fr\/2021\/03\/04\/le-grand-ecart-etudiant-une-bonne-performance-mais-la-meilleure-marche-possible-merci\/#primaryimage"},"thumbnailUrl":"https:\/\/praktika-stages.ch\/wp-content\/uploads\/sites\/3\/2021\/02\/Archivwesen_-scaled.jpg","articleSection":["Non classifi\u00e9(e)"],"inLanguage":"fr-FR","potentialAction":[{"@type":"CommentAction","name":"Comment","target":["https:\/\/praktika-stages.ch\/fr\/2021\/03\/04\/le-grand-ecart-etudiant-une-bonne-performance-mais-la-meilleure-marche-possible-merci\/#respond"]}]},{"@type":"WebPage","@id":"https:\/\/praktika-stages.ch\/fr\/2021\/03\/04\/le-grand-ecart-etudiant-une-bonne-performance-mais-la-meilleure-marche-possible-merci\/","url":"https:\/\/praktika-stages.ch\/fr\/2021\/03\/04\/le-grand-ecart-etudiant-une-bonne-performance-mais-la-meilleure-marche-possible-merci\/","name":"Le grand \u00e9cart \u00e9tudiant \u2013 une bonne performance, mais le meilleur march\u00e9 possible, merci ! - praktika-stages","isPartOf":{"@id":"https:\/\/praktika-stages.ch\/#website"},"primaryImageOfPage":{"@id":"https:\/\/praktika-stages.ch\/fr\/2021\/03\/04\/le-grand-ecart-etudiant-une-bonne-performance-mais-la-meilleure-marche-possible-merci\/#primaryimage"},"image":{"@id":"https:\/\/praktika-stages.ch\/fr\/2021\/03\/04\/le-grand-ecart-etudiant-une-bonne-performance-mais-la-meilleure-marche-possible-merci\/#primaryimage"},"thumbnailUrl":"https:\/\/praktika-stages.ch\/wp-content\/uploads\/sites\/3\/2021\/02\/Archivwesen_-scaled.jpg","datePublished":"2021-03-04T07:00:21+00:00","dateModified":"2021-03-04T11:55:05+00:00","breadcrumb":{"@id":"https:\/\/praktika-stages.ch\/fr\/2021\/03\/04\/le-grand-ecart-etudiant-une-bonne-performance-mais-la-meilleure-marche-possible-merci\/#breadcrumb"},"inLanguage":"fr-FR","potentialAction":[{"@type":"ReadAction","target":["https:\/\/praktika-stages.ch\/fr\/2021\/03\/04\/le-grand-ecart-etudiant-une-bonne-performance-mais-la-meilleure-marche-possible-merci\/"]}]},{"@type":"ImageObject","inLanguage":"fr-FR","@id":"https:\/\/praktika-stages.ch\/fr\/2021\/03\/04\/le-grand-ecart-etudiant-une-bonne-performance-mais-la-meilleure-marche-possible-merci\/#primaryimage","url":"https:\/\/praktika-stages.ch\/wp-content\/uploads\/sites\/3\/2021\/02\/Archivwesen_-scaled.jpg","contentUrl":"https:\/\/praktika-stages.ch\/wp-content\/uploads\/sites\/3\/2021\/02\/Archivwesen_-scaled.jpg","width":2560,"height":1707},{"@type":"BreadcrumbList","@id":"https:\/\/praktika-stages.ch\/fr\/2021\/03\/04\/le-grand-ecart-etudiant-une-bonne-performance-mais-la-meilleure-marche-possible-merci\/#breadcrumb","itemListElement":[{"@type":"ListItem","position":1,"name":"Startseite","item":"https:\/\/praktika-stages.ch\/fr\/"},{"@type":"ListItem","position":2,"name":"Le grand \u00e9cart \u00e9tudiant \u2013 une bonne performance, mais le meilleur march\u00e9 possible, merci !"}]},{"@type":"WebSite","@id":"https:\/\/praktika-stages.ch\/#website","url":"https:\/\/praktika-stages.ch\/","name":"praktika-stages","description":"Eine Kampagne des VSS UNES USU","publisher":{"@id":"https:\/\/praktika-stages.ch\/#organization"},"potentialAction":[{"@type":"SearchAction","target":{"@type":"EntryPoint","urlTemplate":"https:\/\/praktika-stages.ch\/?s={search_term_string}"},"query-input":{"@type":"PropertyValueSpecification","valueRequired":true,"valueName":"search_term_string"}}],"inLanguage":"fr-FR"},{"@type":"Organization","@id":"https:\/\/praktika-stages.ch\/#organization","name":"praktika-stages","url":"https:\/\/praktika-stages.ch\/","logo":{"@type":"ImageObject","inLanguage":"fr-FR","@id":"https:\/\/praktika-stages.ch\/#\/schema\/logo\/image\/","url":"https:\/\/praktika-stages.ch\/wp-content\/uploads\/sites\/3\/2021\/01\/Kampagnen-Logo-3.png","contentUrl":"https:\/\/praktika-stages.ch\/wp-content\/uploads\/sites\/3\/2021\/01\/Kampagnen-Logo-3.png","width":2835,"height":1176,"caption":"praktika-stages"},"image":{"@id":"https:\/\/praktika-stages.ch\/#\/schema\/logo\/image\/"}},{"@type":"Person","@id":"https:\/\/praktika-stages.ch\/#\/schema\/person\/9580d3b3a45c3db7a65c90d46cb974b3","name":"sokoleitung","url":"https:\/\/praktika-stages.ch\/fr\/author\/sokoleitung\/"}]}},"_links":{"self":[{"href":"https:\/\/praktika-stages.ch\/fr\/wp-json\/wp\/v2\/posts\/971","targetHints":{"allow":["GET"]}}],"collection":[{"href":"https:\/\/praktika-stages.ch\/fr\/wp-json\/wp\/v2\/posts"}],"about":[{"href":"https:\/\/praktika-stages.ch\/fr\/wp-json\/wp\/v2\/types\/post"}],"author":[{"embeddable":true,"href":"https:\/\/praktika-stages.ch\/fr\/wp-json\/wp\/v2\/users\/6"}],"replies":[{"embeddable":true,"href":"https:\/\/praktika-stages.ch\/fr\/wp-json\/wp\/v2\/comments?post=971"}],"version-history":[{"count":0,"href":"https:\/\/praktika-stages.ch\/fr\/wp-json\/wp\/v2\/posts\/971\/revisions"}],"wp:featuredmedia":[{"embeddable":true,"href":"https:\/\/praktika-stages.ch\/fr\/wp-json\/wp\/v2\/media\/923"}],"wp:attachment":[{"href":"https:\/\/praktika-stages.ch\/fr\/wp-json\/wp\/v2\/media?parent=971"}],"wp:term":[{"taxonomy":"category","embeddable":true,"href":"https:\/\/praktika-stages.ch\/fr\/wp-json\/wp\/v2\/categories?post=971"},{"taxonomy":"post_tag","embeddable":true,"href":"https:\/\/praktika-stages.ch\/fr\/wp-json\/wp\/v2\/tags?post=971"}],"curies":[{"name":"wp","href":"https:\/\/api.w.org\/{rel}","templated":true}]}}